{"id":79,"date":"2024-04-18T15:49:45","date_gmt":"2024-04-18T15:49:45","guid":{"rendered":"https:\/\/carlaberatio.com\/aberatismnytt\/?p=79"},"modified":"2024-04-18T15:49:45","modified_gmt":"2024-04-18T15:49:45","slug":"mikrokosmos","status":"publish","type":"post","link":"https:\/\/carlaberatio.com\/aberatismnytt\/2024\/04\/18\/mikrokosmos\/","title":{"rendered":"Mikrokosmos!"},"content":{"rendered":"\n<p><br>Jag ville skriva<br>ville att det skulle bli en dikt<br>Du vet, en vanlig dikt med ord och former<br>Former som f\u00e5ngar associationer i ditt medvetande och g\u00f6r att dessa raders tv\u00e5dimensionella<br>varande kliver rakt \u00f6ver det logiska, fysiska, tredimensionella och bildar tankar, bilder, f\u00f6rnimmelser<br>och kanske rent av f\u00e5r ditt endokrina system att \u00f6ka perceptionsf\u00f6rm\u00e5gan;<\/p>\n\n\n\n<p>du kanske inte ens v\u00e5gar ta ett djupt andetag<\/p>\n\n\n\n<p>Hur ser en synaps ut?<br>N\u00e4stinstill obefintlig till h\u00f6jd, l\u00e4ngd och djup. Likv\u00e4l blommar den ut i en millisekund med<br>tusentals andra, som ett expanderande f\u00f6lje av ett big bang<\/p>\n\n\n\n<p>En femte dimension; hos dig<\/p>\n\n\n\n<p>var kom den ifr\u00e5n?<\/p>\n\n\n\n<p>Fysikerna letar febrilt.<br>Medan universum expanderar \u00e4r allt k\u00e4nt fyra dimensioner.<\/p>\n\n\n\n<p>De jobbar med siffrorna f\u00f6r den femte<\/p>\n\n\n\n<p>Jag ville att det skulle bli en dikt<br>(tv\u00e5 dimensioner)<\/p>\n\n\n\n<p>Jag tror att jag s\u00e5dde ett fr\u00f6<\/p>\n","protected":false},"excerpt":{"rendered":"<p>Jag ville skrivaville att det skulle bli en diktDu vet, en vanlig dikt med ord och formerFormer som f\u00e5ngar associationer i ditt medvetande och g\u00f6r att dessa raders tv\u00e5dimensionellavarande kliver rakt \u00f6ver det logiska, fysiska, tredimensionella och bildar tankar, bilder, f\u00f6rnimmelseroch kanske rent av f\u00e5r ditt endokrina system att \u00f6ka perceptionsf\u00f6rm\u00e5gan; du kanske inte ens&#8230;<\/p>\n","protected":false},"author":1,"featured_media":0,"comment_status":"open","ping_status":"open","sticky":false,"template":"","format":"standard","meta":{"footnotes":""},"categories":[9],"tags":[17,19,18,16,20],"class_list":["post-79","post","type-post","status-publish","format-standard","hentry","category-poesi","tag-filosofi","tag-fysik","tag-medvetande","tag-poesi","tag-tankar"],"_links":{"self":[{"href":"https:\/\/carlaberatio.com\/aberatismnytt\/wp-json\/wp\/v2\/posts\/79","targetHints":{"allow":["GET"]}}],"collection":[{"href":"https:\/\/carlaberatio.com\/aberatismnytt\/wp-json\/wp\/v2\/posts"}],"about":[{"href":"https:\/\/carlaberatio.com\/aberatismnytt\/wp-json\/wp\/v2\/types\/post"}],"author":[{"embeddable":true,"href":"https:\/\/carlaberatio.com\/aberatismnytt\/wp-json\/wp\/v2\/users\/1"}],"replies":[{"embeddable":true,"href":"https:\/\/carlaberatio.com\/aberatismnytt\/wp-json\/wp\/v2\/comments?post=79"}],"version-history":[{"count":1,"href":"https:\/\/carlaberatio.com\/aberatismnytt\/wp-json\/wp\/v2\/posts\/79\/revisions"}],"predecessor-version":[{"id":80,"href":"https:\/\/carlaberatio.com\/aberatismnytt\/wp-json\/wp\/v2\/posts\/79\/revisions\/80"}],"wp:attachment":[{"href":"https:\/\/carlaberatio.com\/aberatismnytt\/wp-json\/wp\/v2\/media?parent=79"}],"wp:term":[{"taxonomy":"category","embeddable":true,"href":"https:\/\/carlaberatio.com\/aberatismnytt\/wp-json\/wp\/v2\/categories?post=79"},{"taxonomy":"post_tag","embeddable":true,"href":"https:\/\/carlaberatio.com\/aberatismnytt\/wp-json\/wp\/v2\/tags?post=79"}],"curies":[{"name":"wp","href":"https:\/\/api.w.org\/{rel}","templated":true}]}}