{"id":181,"date":"2025-02-03T07:59:21","date_gmt":"2025-02-03T07:59:21","guid":{"rendered":"https:\/\/carlaberatio.com\/aberatismnytt\/?p=181"},"modified":"2025-02-03T07:59:21","modified_gmt":"2025-02-03T07:59:21","slug":"dopplereffekten-en-dystopi","status":"publish","type":"post","link":"https:\/\/carlaberatio.com\/aberatismnytt\/2025\/02\/03\/dopplereffekten-en-dystopi\/","title":{"rendered":"Dopplereffekten (en dystopi)"},"content":{"rendered":"\n<p class=\"has-text-align-center\">Jag hade hoppats p\u00e5 m\u00e4nskligheten, p\u00e5 framtiden<br>men det h\u00e4r \u00e4r en sorts dopplereffekt<br>vi tar ett steg, tv\u00e5 steg, tre steg tillbaks och snart befinner vi oss 1933<br>f\u00f6r oss som kan se<br><br>det h\u00e4r \u00e4r en sorts dopplereffekt<br>f\u00f6r det \u00e4r ett brus d\u00e4rute och vissa ljudv\u00e5gor n\u00e5r oss f\u00f6rst<br>vissa ljusv\u00e5gor n\u00e5r oss f\u00f6rst<br>och det g\u00e4ller inte l\u00e4ngre att vara faktaenlig och sann<br>f\u00f6r folkets t\u00f6rst efter starka v\u00e5gor \u00e4r st\u00f6rre \u00e4n sanningen<br>Och komplexiteten \u00e4r sv\u00e5rare \u00e4n enkelheten<br>och st\u00f6rst \u00e4r narrativet om felheten<br>avigsp\u00e5ret av helheten;<br>verkligheten<br><br>det h\u00e4r \u00e4r en sorts dopplereffekt<br>vissa ljudv\u00e5gor n\u00e5r oss f\u00f6rst;<br>vissa ljudv\u00e5gor l\u00e5ter h\u00f6gst<br>viss ljudv\u00e5gor f\u00e5r n\u00e5gon st\u00f6rst<br><br>h\u00f6r du hur de studsar mot v\u00e4ggar och vardagsrum,<br>mot 10\/100 eller 42\u201d<br>mot kaffemaskin och lunchsal<br><br>h\u00f6r hur ekot l\u00e5ter<br>av 30-tal<br><\/p>\n","protected":false},"excerpt":{"rendered":"<p>Jag hade hoppats p\u00e5 m\u00e4nskligheten, p\u00e5 framtidenmen det h\u00e4r \u00e4r en sorts dopplereffektvi tar ett steg, tv\u00e5 steg, tre steg tillbaks och snart befinner vi oss 1933f\u00f6r oss som kan se det h\u00e4r \u00e4r en sorts dopplereffektf\u00f6r det \u00e4r ett brus d\u00e4rute och vissa ljudv\u00e5gor n\u00e5r oss f\u00f6rstvissa ljusv\u00e5gor n\u00e5r oss f\u00f6rstoch det g\u00e4ller inte&#8230;<\/p>\n","protected":false},"author":1,"featured_media":0,"comment_status":"open","ping_status":"open","sticky":false,"template":"","format":"standard","meta":{"footnotes":""},"categories":[9],"tags":[16,31,32],"class_list":["post-181","post","type-post","status-publish","format-standard","hentry","category-poesi","tag-poesi","tag-politik","tag-varldslage"],"_links":{"self":[{"href":"https:\/\/carlaberatio.com\/aberatismnytt\/wp-json\/wp\/v2\/posts\/181","targetHints":{"allow":["GET"]}}],"collection":[{"href":"https:\/\/carlaberatio.com\/aberatismnytt\/wp-json\/wp\/v2\/posts"}],"about":[{"href":"https:\/\/carlaberatio.com\/aberatismnytt\/wp-json\/wp\/v2\/types\/post"}],"author":[{"embeddable":true,"href":"https:\/\/carlaberatio.com\/aberatismnytt\/wp-json\/wp\/v2\/users\/1"}],"replies":[{"embeddable":true,"href":"https:\/\/carlaberatio.com\/aberatismnytt\/wp-json\/wp\/v2\/comments?post=181"}],"version-history":[{"count":1,"href":"https:\/\/carlaberatio.com\/aberatismnytt\/wp-json\/wp\/v2\/posts\/181\/revisions"}],"predecessor-version":[{"id":182,"href":"https:\/\/carlaberatio.com\/aberatismnytt\/wp-json\/wp\/v2\/posts\/181\/revisions\/182"}],"wp:attachment":[{"href":"https:\/\/carlaberatio.com\/aberatismnytt\/wp-json\/wp\/v2\/media?parent=181"}],"wp:term":[{"taxonomy":"category","embeddable":true,"href":"https:\/\/carlaberatio.com\/aberatismnytt\/wp-json\/wp\/v2\/categories?post=181"},{"taxonomy":"post_tag","embeddable":true,"href":"https:\/\/carlaberatio.com\/aberatismnytt\/wp-json\/wp\/v2\/tags?post=181"}],"curies":[{"name":"wp","href":"https:\/\/api.w.org\/{rel}","templated":true}]}}