{"id":171,"date":"2024-05-07T08:58:49","date_gmt":"2024-05-07T08:58:49","guid":{"rendered":"https:\/\/carlaberatio.com\/aberatismnytt\/?p=171"},"modified":"2024-05-07T09:58:09","modified_gmt":"2024-05-07T09:58:09","slug":"var-dag","status":"publish","type":"post","link":"https:\/\/carlaberatio.com\/aberatismnytt\/2024\/05\/07\/var-dag\/","title":{"rendered":"Var dag"},"content":{"rendered":"\n<p>det flimrar<br>framf\u00f6r dina \u00f6gon<\/p>\n\n\n\n<p><em>vad lider du av<br>fr\u00e5gar tiggaren<\/em><\/p>\n\n\n\n<p><em>vad har du f\u00f6r sjukdom<br>undrar barnet<\/em><\/p>\n\n\n\n<p><\/p>\n\n\n\n<p>din tystnad \u00e4r sorgsen<br>dina \u00f6gon blanka<\/p>\n\n\n\n<p>i det bleka ljusets dvala<br>i tunnelbanev\u00e4ntan<br>stirrar tusen gamnackar<br>rakt fram men ingenstans<\/p>\n\n\n\n<p><em>Du undrar sj\u00e4lv ibland<\/em><\/p>\n\n\n\n<p>skyltarna f\u00f6rt\u00e4ljer tekniskt fel<br>tusen surikater<br>letar efter str\u00e5lkastarljus<br>i den m\u00f6rka tunneln<\/p>\n","protected":false},"excerpt":{"rendered":"<p>det flimrarframf\u00f6r dina \u00f6gon vad lider du avfr\u00e5gar tiggaren vad har du f\u00f6r sjukdomundrar barnet din tystnad \u00e4r sorgsendina \u00f6gon blanka i det bleka ljusets dvalai tunnelbanev\u00e4ntanstirrar tusen gamnackarrakt fram men ingenstans Du undrar sj\u00e4lv ibland skyltarna f\u00f6rt\u00e4ljer tekniskt feltusen surikaterletar efter str\u00e5lkastarljusi den m\u00f6rka tunneln<\/p>\n","protected":false},"author":1,"featured_media":0,"comment_status":"open","ping_status":"open","sticky":false,"template":"","format":"standard","meta":{"footnotes":""},"categories":[9],"tags":[24,16,29,28],"class_list":["post-171","post","type-post","status-publish","format-standard","hentry","category-poesi","tag-dagens-dikt","tag-poesi","tag-tunnelbana","tag-vardag"],"_links":{"self":[{"href":"https:\/\/carlaberatio.com\/aberatismnytt\/wp-json\/wp\/v2\/posts\/171","targetHints":{"allow":["GET"]}}],"collection":[{"href":"https:\/\/carlaberatio.com\/aberatismnytt\/wp-json\/wp\/v2\/posts"}],"about":[{"href":"https:\/\/carlaberatio.com\/aberatismnytt\/wp-json\/wp\/v2\/types\/post"}],"author":[{"embeddable":true,"href":"https:\/\/carlaberatio.com\/aberatismnytt\/wp-json\/wp\/v2\/users\/1"}],"replies":[{"embeddable":true,"href":"https:\/\/carlaberatio.com\/aberatismnytt\/wp-json\/wp\/v2\/comments?post=171"}],"version-history":[{"count":2,"href":"https:\/\/carlaberatio.com\/aberatismnytt\/wp-json\/wp\/v2\/posts\/171\/revisions"}],"predecessor-version":[{"id":174,"href":"https:\/\/carlaberatio.com\/aberatismnytt\/wp-json\/wp\/v2\/posts\/171\/revisions\/174"}],"wp:attachment":[{"href":"https:\/\/carlaberatio.com\/aberatismnytt\/wp-json\/wp\/v2\/media?parent=171"}],"wp:term":[{"taxonomy":"category","embeddable":true,"href":"https:\/\/carlaberatio.com\/aberatismnytt\/wp-json\/wp\/v2\/categories?post=171"},{"taxonomy":"post_tag","embeddable":true,"href":"https:\/\/carlaberatio.com\/aberatismnytt\/wp-json\/wp\/v2\/tags?post=171"}],"curies":[{"name":"wp","href":"https:\/\/api.w.org\/{rel}","templated":true}]}}