{"id":168,"date":"2024-05-06T11:01:51","date_gmt":"2024-05-06T11:01:51","guid":{"rendered":"https:\/\/carlaberatio.com\/aberatismnytt\/?p=168"},"modified":"2024-05-06T11:02:15","modified_gmt":"2024-05-06T11:02:15","slug":"jag-gravde-en-grop","status":"publish","type":"post","link":"https:\/\/carlaberatio.com\/aberatismnytt\/2024\/05\/06\/jag-gravde-en-grop\/","title":{"rendered":"Jag gr\u00e4vde en grop"},"content":{"rendered":"\n<div class=\"wp-block-group is-vertical is-layout-flex wp-container-core-group-is-layout-0bc941e6 wp-block-group-is-layout-flex\">\n<p>Jag visste inte var jag skulle ta v\u00e4gen&nbsp;<\/p>\n\n\n\n<p>s\u00e5 jag gr\u00e4vde en grop d\u00e4r jag stod&nbsp;<\/p>\n\n\n\n<p><\/p>\n\n\n\n<p>Nu st\u00e5r jag kvar p\u00e5 samma position&nbsp;<\/p>\n\n\n\n<p>djupare \u00e4n n\u00e5gonsin f\u00f6rr&nbsp;<\/p>\n\n\n\n<p><\/p>\n\n\n\n<p>Ingen d\u00e4r ovan&nbsp;<\/p>\n\n\n\n<p>kan l\u00e4ngre f\u00f6rst\u00e5&nbsp;<\/p>\n\n\n\n<p><\/p>\n\n\n\n<p>Men om du ramlar ner hit&nbsp;<\/p>\n\n\n\n<p>kan ocks\u00e5 du se min verklighet&nbsp;<\/p>\n\n\n\n<p><\/p>\n\n\n\n<p>inse hur ingen d\u00e4r ovan \u00a0<\/p>\n\n\n\n<p>g\u00e5r med lika jordiga&nbsp;h\u00e4nder&nbsp;<\/p>\n\n\n\n<p><\/p>\n\n\n\n<p>L\u00e5t oss gr\u00e4va tillsammans &nbsp;<\/p>\n\n\n\n<p>djupare&nbsp;<\/p>\n\n\n\n<p>smutsigare&nbsp;<\/p>\n<\/div>\n","protected":false},"excerpt":{"rendered":"<p>Jag visste inte var jag skulle ta v\u00e4gen&nbsp; s\u00e5 jag gr\u00e4vde en grop d\u00e4r jag stod&nbsp; Nu st\u00e5r jag kvar p\u00e5 samma position&nbsp; djupare \u00e4n n\u00e5gonsin f\u00f6rr&nbsp; Ingen d\u00e4r ovan&nbsp; kan l\u00e4ngre f\u00f6rst\u00e5&nbsp; Men om du ramlar ner hit&nbsp; kan ocks\u00e5 du se min verklighet&nbsp; inse hur ingen d\u00e4r ovan \u00a0 g\u00e5r med lika jordiga&nbsp;h\u00e4nder&nbsp;&#8230;<\/p>\n","protected":false},"author":1,"featured_media":0,"comment_status":"open","ping_status":"open","sticky":false,"template":"","format":"standard","meta":{"footnotes":""},"categories":[9],"tags":[24,26,27,25,16],"class_list":["post-168","post","type-post","status-publish","format-standard","hentry","category-poesi","tag-dagens-dikt","tag-dogmatism","tag-fantatism","tag-konspirationsteori","tag-poesi"],"_links":{"self":[{"href":"https:\/\/carlaberatio.com\/aberatismnytt\/wp-json\/wp\/v2\/posts\/168","targetHints":{"allow":["GET"]}}],"collection":[{"href":"https:\/\/carlaberatio.com\/aberatismnytt\/wp-json\/wp\/v2\/posts"}],"about":[{"href":"https:\/\/carlaberatio.com\/aberatismnytt\/wp-json\/wp\/v2\/types\/post"}],"author":[{"embeddable":true,"href":"https:\/\/carlaberatio.com\/aberatismnytt\/wp-json\/wp\/v2\/users\/1"}],"replies":[{"embeddable":true,"href":"https:\/\/carlaberatio.com\/aberatismnytt\/wp-json\/wp\/v2\/comments?post=168"}],"version-history":[{"count":2,"href":"https:\/\/carlaberatio.com\/aberatismnytt\/wp-json\/wp\/v2\/posts\/168\/revisions"}],"predecessor-version":[{"id":170,"href":"https:\/\/carlaberatio.com\/aberatismnytt\/wp-json\/wp\/v2\/posts\/168\/revisions\/170"}],"wp:attachment":[{"href":"https:\/\/carlaberatio.com\/aberatismnytt\/wp-json\/wp\/v2\/media?parent=168"}],"wp:term":[{"taxonomy":"category","embeddable":true,"href":"https:\/\/carlaberatio.com\/aberatismnytt\/wp-json\/wp\/v2\/categories?post=168"},{"taxonomy":"post_tag","embeddable":true,"href":"https:\/\/carlaberatio.com\/aberatismnytt\/wp-json\/wp\/v2\/tags?post=168"}],"curies":[{"name":"wp","href":"https:\/\/api.w.org\/{rel}","templated":true}]}}