{"id":1,"date":"2024-04-12T20:04:44","date_gmt":"2024-04-12T20:04:44","guid":{"rendered":"http:\/\/carlaberatio.com\/aberatismnytt\/?p=1"},"modified":"2024-04-18T20:25:31","modified_gmt":"2024-04-18T20:25:31","slug":"hello-world","status":"publish","type":"post","link":"https:\/\/carlaberatio.com\/aberatismnytt\/2024\/04\/12\/hello-world\/","title":{"rendered":"F\u00f6rsta inl\u00e4gget"},"content":{"rendered":"\n<p>Bloggen aberatism startade s\u00e5 tidigt som i mars 2005. Jag startade bloggen av flera anledningar men kanske f\u00f6rst och fr\u00e4mst f\u00f6r att leka med spridandet av sj\u00e4lva ordet &#8221;aberatism&#8221;. Och kanske i viss m\u00e5n filosofin. Ordet i sig \u00e4r delvis p\u00e5hittat men i stort taget ur latinets aberatio, vilket betyder avvikelse.<\/p>\n\n\n\n<p>N\u00e4r det g\u00e4llde filosofin hade jag d\u00e5 en tanke p\u00e5 att just t\u00e4nkande utanf\u00f6r det vanliga \u00e4r det som driver r\u00f6relser fram\u00e5t. Detta g\u00e4ller allt fr\u00e5n filosofi\/ideologier till konst och musik. N\u00e4r jag startade bloggen befann jag mig i ett tillst\u00e5nd d\u00e5 jag k\u00e4nde att allting runtom, kanske fr\u00e4mst n\u00e4r det g\u00e4ller musik och konst, men \u00e4ven det jag n\u00e4mnt innan och mycket annat stod still i ett vakuum. Det var som att allting r\u00f6rde sig i en mittf\u00e5ra, och l\u00e4t eller s\u00e5g ut ungef\u00e4r likadant. Ingenting stack ut. Just den allm\u00e4nna kommersiella musiken kanske \u00e4r det tydligaste exemplet p\u00e5 detta. Idag \u00e4r detta kanske mer aktuellt \u00e4n n\u00e5gonsin. Samtidigt har p\u00e5 gott och ont mycket inom samh\u00e4llsdebatt f\u00f6r\u00e4ndrats det senaste tio \u00e5ren. <\/p>\n\n\n\n<p>Med tiden utvecklades dock bloggen alltmer till n\u00e5gonting annat. Jag skrev l\u00e5nga inl\u00e4gg g\u00e4llande id\u00e9historia d\u00e4r jag lade ut artiklar om den tidiga grekiska filosofin, om Platon, Aristoteles men ocks\u00e5 om tidig efterf\u00f6ljande kristen och sedan muslimsk filosofi. Ut\u00f6ver detta lade jag \u00e4ven ut egna tankar, egna dikter och noveller.<\/p>\n\n\n\n<p>N\u00e5gonstans f\u00f6r kanske fem \u00e5r sedan gl\u00f6mde jag att betala f\u00f6r dom\u00e4nnamnet &#8221;aberatism.com&#8221;. Namnet och designen togs d\u00e5 \u00f6ver av en japansk porrsajt. Jag orkade d\u00e5 inte engagera mig mer i detta projekt utan st\u00e4ngde \u00e4ven ner tillh\u00f6rande webhotell och i princip raderade allt skrivet inneh\u00e5ll.<\/p>\n\n\n\n<p>Nu n\u00e4r jag skriver detta \u00e4r det i april 2024. Bloggen \u00e4r uppe igen efter att den japanska porrsajten tycks ha lagt ner. N\u00e4r detta skedde vet jag inte: jag tog en titt och s\u00e5g att namnet var ledigt igen och registrerade detta. Alla gamla filer tycks vara borta. Jag kan inte hitta n\u00e5gon backup n\u00e5gonstans. Jag leker d\u00e4rf\u00f6r lite med tanken att b\u00f6rja om fr\u00e5n b\u00f6rjan. Det kommer vara ungef\u00e4r som f\u00f6rut. Denna g\u00e5ng kommer jag dock \u00e4ven att skriva en del om teologi. I skrivande stund har jag n\u00e4mligen ganska nyligen l\u00e4st ut koranen p\u00e5 svenska. Jag h\u00e5ller p\u00e5 att l\u00e4sa igenom nya testamentet och funderar p\u00e5 att ta mig igenom fler religi\u00f6sa alster och b\u00e5de tolka och v\u00e4rdera dessa p\u00e5 dessa sida. Det kommer d\u00e5 vara fr\u00e5n mina v\u00e4rdegrunder och tankar. <\/p>\n\n\n\n<p>God l\u00e4sning!<\/p>\n","protected":false},"excerpt":{"rendered":"<p>Bloggen aberatism startade s\u00e5 tidigt som i mars 2005. Jag startade bloggen av flera anledningar men kanske f\u00f6rst och fr\u00e4mst f\u00f6r att leka med spridandet av sj\u00e4lva ordet &#8221;aberatism&#8221;. Och kanske i viss m\u00e5n filosofin. Ordet i sig \u00e4r delvis p\u00e5hittat men i stort taget ur latinets aberatio, vilket betyder avvikelse. N\u00e4r det g\u00e4llde filosofin&#8230;<\/p>\n","protected":false},"author":1,"featured_media":0,"comment_status":"open","ping_status":"open","sticky":false,"template":"","format":"standard","meta":{"footnotes":""},"categories":[6],"tags":[],"class_list":["post-1","post","type-post","status-publish","format-standard","hentry","category-blog"],"_links":{"self":[{"href":"https:\/\/carlaberatio.com\/aberatismnytt\/wp-json\/wp\/v2\/posts\/1","targetHints":{"allow":["GET"]}}],"collection":[{"href":"https:\/\/carlaberatio.com\/aberatismnytt\/wp-json\/wp\/v2\/posts"}],"about":[{"href":"https:\/\/carlaberatio.com\/aberatismnytt\/wp-json\/wp\/v2\/types\/post"}],"author":[{"embeddable":true,"href":"https:\/\/carlaberatio.com\/aberatismnytt\/wp-json\/wp\/v2\/users\/1"}],"replies":[{"embeddable":true,"href":"https:\/\/carlaberatio.com\/aberatismnytt\/wp-json\/wp\/v2\/comments?post=1"}],"version-history":[{"count":4,"href":"https:\/\/carlaberatio.com\/aberatismnytt\/wp-json\/wp\/v2\/posts\/1\/revisions"}],"predecessor-version":[{"id":96,"href":"https:\/\/carlaberatio.com\/aberatismnytt\/wp-json\/wp\/v2\/posts\/1\/revisions\/96"}],"wp:attachment":[{"href":"https:\/\/carlaberatio.com\/aberatismnytt\/wp-json\/wp\/v2\/media?parent=1"}],"wp:term":[{"taxonomy":"category","embeddable":true,"href":"https:\/\/carlaberatio.com\/aberatismnytt\/wp-json\/wp\/v2\/categories?post=1"},{"taxonomy":"post_tag","embeddable":true,"href":"https:\/\/carlaberatio.com\/aberatismnytt\/wp-json\/wp\/v2\/tags?post=1"}],"curies":[{"name":"wp","href":"https:\/\/api.w.org\/{rel}","templated":true}]}}